{"id":27,"date":"2017-08-28T18:28:23","date_gmt":"2017-08-28T18:28:23","guid":{"rendered":"http:\/\/www.partiledaren.se\/?p=27"},"modified":"2017-08-28T18:28:23","modified_gmt":"2017-08-28T18:28:23","slug":"idag-var-det-dags-att-ge-bilen-ett-ansiktslyft","status":"publish","type":"post","link":"http:\/\/www.partiledaren.se\/?p=27","title":{"rendered":"Idag var det dags att ge bilen ett ansiktslyft"},"content":{"rendered":"<p>Jag har inte varit vidare aktiv p\u00e5 bloggen tyv\u00e4rr. Det \u00e4r mycket som kommit emellan och plikten har kallat med j\u00e4mna mellanrum vilket resulterat i mindre tid \u00e5t bloggandet. Men som alltid s\u00e5 f\u00f6rs\u00f6ker man s\u00e5 gott man kan och nu t\u00e4nkte jag passa p\u00e5 att uppdatera sidan med lite goda nyheter. I fredags hann jag slutligen hunnit montera upp mina fordonslampor, n\u00e4stan 1 m\u00e5nad efter att jag f\u00f6rst best\u00e4llde dom. Men det \u00e4r som man brukar s\u00e4ga, b\u00e4ttre att g\u00f6ra n\u00e5got sent \u00e4n aldrig.<\/p>\n<h2>Extraljus led p\u00e5 hela 120W g\u00f6r nattk\u00f6rningen mycket roligare<\/h2>\n<p>Jag valde att montera p\u00e5 IP68-klassade <a href=\"https:\/\/ljusgiganten.se\/led-extraljus\">extraljus led<\/a> som gav ett otroligt ljus gentemot de lampor jag tidigare anv\u00e4nt\u00a0Jag best\u00e4llde totalt 3 st extraljus led som jag monterade p\u00e5 helt sj\u00e4lv, installationen var relativt enkel och tog ungef\u00e4r 30 minuter att genomf\u00f6ra. Extraljusen ger ett ljusfl\u00f6de p\u00e5 ungef\u00e4r 10.200 lumen per lampa vilket betyder att de nya lamporna avger \u00f6ver 30.000 lumen tillsammans ute p\u00e5 v\u00e4gen!<\/p>\n<p>Nu vet jag att en och annan l\u00e4sare s\u00e4kerligen suckar och t\u00e4nker; &#8221;En s\u00e5n d\u00e4r fartd\u00e5re som bl\u00e4ndar andra bilister..&#8221;, men icke jag respekterar mina medtrafikanter i allra h\u00f6gsta grad. Jag anv\u00e4nder endast extraljusen n\u00e4r det inte finns m\u00f6tande trafik \u00e4ven om det i vissa avseenden kan vara sv\u00e5rt att undvika helt och h\u00e5llet. Jag \u00e4r supern\u00f6jd med lamporna och kommer att f\u00f6rs\u00f6ka ladda upp lite bilder h\u00e4r inom kort.<\/p>\n<h2>Chefen best\u00e4llde blixtljusramp p\u00e5 min rekommendation<\/h2>\n<p>Chefen p\u00e5 jobbet var v\u00e4ldigt imponerad av ljuset fr\u00e5n de nya lamporna att han t.o.m r\u00e5dfr\u00e5gade mig om vart jag tyckte han borde k\u00f6pa in sin led blixtljusramp\u00a0ifr\u00e5n. Vi anv\u00e4nder <a href=\"https:\/\/ljusgiganten.se\/blixtljusramper\">blixtljusramper<\/a> vid v\u00e4garbeten och nu var det jag av alla m\u00e4nniskor som fick agera &#8221;expert&#8221; vilket inte h\u00e4nder varje dag direkt. Jag rekommenderade att han handlade fr\u00e5n LG\u00a0naturligtvis vilket ocks\u00e5 \u00e4r butiken jag normalt s\u00e4tt handlar belysning ifr\u00e5n och det gjorde mig stolt att han faktiskt tog hj\u00e4lp av mig f\u00f6r f\u00f6rsta g\u00e5ngen n\u00e5gonsin.<\/p>\n<p>&nbsp;<\/p>\n","protected":false},"excerpt":{"rendered":"<p>Jag har inte varit vidare aktiv p\u00e5 bloggen tyv\u00e4rr. Det \u00e4r mycket som kommit emellan och plikten har kallat med j\u00e4mna mellanrum vilket resulterat i mindre tid \u00e5t bloggandet. Men som alltid s\u00e5 f\u00f6rs\u00f6ker man s\u00e5 gott man kan och nu t\u00e4nkte jag passa p\u00e5 att uppdatera sidan med lite goda nyheter. I fredags hann [&hellip;]<\/p>\n","protected":false},"author":1,"featured_media":28,"comment_status":"closed","ping_status":"open","sticky":false,"template":"","format":"standard","meta":{"footnotes":""},"categories":[4],"tags":[],"_links":{"self":[{"href":"http:\/\/www.partiledaren.se\/index.php?rest_route=\/wp\/v2\/posts\/27"}],"collection":[{"href":"http:\/\/www.partiledaren.se\/index.php?rest_route=\/wp\/v2\/posts"}],"about":[{"href":"http:\/\/www.partiledaren.se\/index.php?rest_route=\/wp\/v2\/types\/post"}],"author":[{"embeddable":true,"href":"http:\/\/www.partiledaren.se\/index.php?rest_route=\/wp\/v2\/users\/1"}],"replies":[{"embeddable":true,"href":"http:\/\/www.partiledaren.se\/index.php?rest_route=%2Fwp%2Fv2%2Fcomments&post=27"}],"version-history":[{"count":1,"href":"http:\/\/www.partiledaren.se\/index.php?rest_route=\/wp\/v2\/posts\/27\/revisions"}],"predecessor-version":[{"id":29,"href":"http:\/\/www.partiledaren.se\/index.php?rest_route=\/wp\/v2\/posts\/27\/revisions\/29"}],"wp:featuredmedia":[{"embeddable":true,"href":"http:\/\/www.partiledaren.se\/index.php?rest_route=\/wp\/v2\/media\/28"}],"wp:attachment":[{"href":"http:\/\/www.partiledaren.se\/index.php?rest_route=%2Fwp%2Fv2%2Fmedia&parent=27"}],"wp:term":[{"taxonomy":"category","embeddable":true,"href":"http:\/\/www.partiledaren.se\/index.php?rest_route=%2Fwp%2Fv2%2Fcategories&post=27"},{"taxonomy":"post_tag","embeddable":true,"href":"http:\/\/www.partiledaren.se\/index.php?rest_route=%2Fwp%2Fv2%2Ftags&post=27"}],"curies":[{"name":"wp","href":"https:\/\/api.w.org\/{rel}","templated":true}]}}