{"id":17,"date":"2017-04-11T19:21:51","date_gmt":"2017-04-11T19:21:51","guid":{"rendered":"http:\/\/www.partiledaren.se\/?p=17"},"modified":"2017-04-11T19:26:35","modified_gmt":"2017-04-11T19:26:35","slug":"antligen-fick-man-gehor-fran-chefen","status":"publish","type":"post","link":"http:\/\/www.partiledaren.se\/?p=17","title":{"rendered":"\u00c4ntligen fick man geh\u00f6r fr\u00e5n chefen"},"content":{"rendered":"<p>Efter att ha arbetat p\u00e5 ett och samma f\u00f6retag i n\u00e4stan 11 \u00e5r s\u00e5 fick man \u00e4ntligen chefen att lyssna p\u00e5 en. Jag arbetar inom processindustrin och vi befinner oss i ganska stora lokaler med starka metallhalogen lampor som h\u00e4nger uppe i taket som drar otroligt mycket str\u00f6m. Farsan \u00e4r elektriker s\u00e5 jag har l\u00e4rt mig det mesta inom el och \u00e4ven\u00a0led belysning vilket betyder att jag \u00e4r v\u00e4ldigt p\u00e5l\u00e4st kring\u00a0dess f\u00f6r och nackdelar. Chefen som jag inte t\u00e4nker n\u00e4mna vid namn \u00e4r lite av en besserwisser, han lyssnar inte p\u00e5 n\u00e5gon \u00e4n sig sj\u00e4lv helt enkelt. I m\u00e5nga \u00e5r har jag tjatat om att vi b\u00f6r \u00f6verg\u00e5 till led f\u00f6r att spara pengar utan att egentligen f\u00e5tt n\u00e5gon geh\u00f6r f\u00f6r detta. Men idag h\u00e4nde det \u00e4ntligen, chefen kallade in mig p\u00e5 m\u00f6te efter arbetspasset var slut och ber\u00f6mde mig f\u00f6r mitt initiativtagande.<\/p>\n<h2>Led lysr\u00f6r fr\u00e5n Svealight<\/h2>\n<p>F\u00f6retaget k\u00f6pte in nya lysr\u00f6r fr\u00e5n <a href=\"https:\/\/svealight.se\">Svealight.se<\/a> som farsan tidigare samarbetat med n\u00e4r han installerat ny belysning hos deras kunder s\u00e5 jag visste att lamporna h\u00f6ll god kvalitet. I lokalen anv\u00e4nder vi gamla T8 lysr\u00f6r och chefen ber\u00e4ttade stolt om hur mycket pengar vi nu\u00a0skulle tj\u00e4na p\u00e5 att g\u00e5 \u00f6ver till T8 <a href=\"https:\/\/svealight.se\/produkter\/led-lysror\/\">led lysr\u00f6r<\/a> med en s\u00e5 kallad retrofit l\u00f6sning. Det var ingen ny information jag fick ta del av d\u00e5 jag redan k\u00e4nt till detta under m\u00e5nga \u00e5r men det var \u00e4nd\u00e5 v\u00e4ldigt kul att man \u00e4ntligen fick lite uppr\u00e4ttelse. Jag v\u00e4rnar om naturen och har tidigare varit medlem i Greenpeace och f\u00f6rklarade att det inte bara handlade om pengar utan ocks\u00e5 att de nya led lysr\u00f6ren inte inneh\u00e5ller farligt kvicksilver. Chefen kanske inte var lika entusiastisk som jag var p\u00e5 just denna punkten men jag \u00e4r \u00e4nd\u00e5 otroligt stolt \u00f6ver att han \u00e4ntligen tog det r\u00e4tta beslutet. De nya led lysr\u00f6ren har en livsl\u00e4ngd p\u00e5 \u00f6ver 64.000 timmar vilket \u00e4r en stor skillnad j\u00e4mf\u00f6rt med de gamla\u00a0fluorescerande lysr\u00f6ren var alltf\u00f6r varmvita.<\/p>\n","protected":false},"excerpt":{"rendered":"<p>Efter att ha arbetat p\u00e5 ett och samma f\u00f6retag i n\u00e4stan 11 \u00e5r s\u00e5 fick man \u00e4ntligen chefen att lyssna p\u00e5 en. Jag arbetar inom processindustrin och vi befinner oss i ganska stora lokaler med starka metallhalogen lampor som h\u00e4nger uppe i taket som drar otroligt mycket str\u00f6m. Farsan \u00e4r elektriker s\u00e5 jag har l\u00e4rt [&hellip;]<\/p>\n","protected":false},"author":1,"featured_media":18,"comment_status":"closed","ping_status":"open","sticky":false,"template":"","format":"standard","meta":{"footnotes":""},"categories":[5],"tags":[],"_links":{"self":[{"href":"http:\/\/www.partiledaren.se\/index.php?rest_route=\/wp\/v2\/posts\/17"}],"collection":[{"href":"http:\/\/www.partiledaren.se\/index.php?rest_route=\/wp\/v2\/posts"}],"about":[{"href":"http:\/\/www.partiledaren.se\/index.php?rest_route=\/wp\/v2\/types\/post"}],"author":[{"embeddable":true,"href":"http:\/\/www.partiledaren.se\/index.php?rest_route=\/wp\/v2\/users\/1"}],"replies":[{"embeddable":true,"href":"http:\/\/www.partiledaren.se\/index.php?rest_route=%2Fwp%2Fv2%2Fcomments&post=17"}],"version-history":[{"count":3,"href":"http:\/\/www.partiledaren.se\/index.php?rest_route=\/wp\/v2\/posts\/17\/revisions"}],"predecessor-version":[{"id":21,"href":"http:\/\/www.partiledaren.se\/index.php?rest_route=\/wp\/v2\/posts\/17\/revisions\/21"}],"wp:featuredmedia":[{"embeddable":true,"href":"http:\/\/www.partiledaren.se\/index.php?rest_route=\/wp\/v2\/media\/18"}],"wp:attachment":[{"href":"http:\/\/www.partiledaren.se\/index.php?rest_route=%2Fwp%2Fv2%2Fmedia&parent=17"}],"wp:term":[{"taxonomy":"category","embeddable":true,"href":"http:\/\/www.partiledaren.se\/index.php?rest_route=%2Fwp%2Fv2%2Fcategories&post=17"},{"taxonomy":"post_tag","embeddable":true,"href":"http:\/\/www.partiledaren.se\/index.php?rest_route=%2Fwp%2Fv2%2Ftags&post=17"}],"curies":[{"name":"wp","href":"https:\/\/api.w.org\/{rel}","templated":true}]}}